{"id":47822,"date":"2026-08-13T12:39:07","date_gmt":"2026-08-13T18:39:07","guid":{"rendered":"https:\/\/economia.uanl.mx\/?post_type=noticias&#038;p=47822"},"modified":"2026-09-02T12:56:33","modified_gmt":"2026-09-02T18:56:33","slug":"faecopresenteredglobalegresadosuanl","status":"publish","type":"noticias","link":"https:\/\/economia.uanl.mx\/en\/noticias\/faecopresenteredglobalegresadosuanl\/","title":{"rendered":"FAECO presente en la Red Global de Egresados UANL"},"content":{"rendered":"<p><strong><img loading=\"lazy\" decoding=\"async\" class=\"alignnone size-full wp-image-47823\" src=\"https:\/\/economia.uanl.mx\/wp-content\/uploads\/2026\/09\/red-egresados-reino-unido-uanl-2026-10-1.jpg\" alt=\"\" width=\"1920\" height=\"1080\" \/><\/p>\n<p>La Facultad de Econom\u00eda particip\u00f3 en los encuentros realizados en Madrid y Londres como parte de la estrategia de la UANL para fortalecer los v\u00ednculos con su comunidad de egresados alrededor del mundo.<\/strong><\/p>\n<p>En representaci\u00f3n de la Facultad de Econom\u00eda, la <strong>Dra. Joana Chapa Cant\u00fa, directora de FAECO<\/strong>, y el <strong>Dr. Edgar Mauricio Luna Dom\u00ednguez, director del Centro de Investigaciones Econ\u00f3micas (CIE)<\/strong>, participaron en los encuentros de la Red Global de Egresados UANL realizados en Madrid, Espa\u00f1a, y Londres, Reino Unido.<\/p>\n<p>Esta iniciativa, impulsada por la Universidad Aut\u00f3noma de Nuevo Le\u00f3n, busca fortalecer la vinculaci\u00f3n internacional y consolidar una comunidad que permita mantener cercanos a los egresados de la instituci\u00f3n que actualmente desarrollan su trayectoria acad\u00e9mica y profesional en distintas partes del mundo.<\/p>\n<p>Durante la misi\u00f3n, los representantes de FAECO tuvieron la oportunidad de coincidir con egresados de nuestra Facultad, entre ellos <strong>Rub\u00e9n Cu\u00e9llar<\/strong>, quien estudia en IE University, en Madrid; as\u00ed como <strong>Silvia Edith Aguirre<\/strong> y <strong>Roberto Cavazos<\/strong>, quienes trabajan en la Universidad de Essex, en Inglaterra.<\/p>\n<p>Los encuentros en Madrid y Londres reunieron aproximadamente a 50 y 40 egresados, respectivamente, como parte de una estrategia que a la fecha ha permitido contactar a m\u00e1s de 800 egresados de la UANL que se encuentran laborando en el extranjero.<\/p>\n<p>La participaci\u00f3n de FAECO en esta misi\u00f3n fortalece los lazos con su comunidad de egresados y refrenda el compromiso de la Facultad por impulsar una vinculaci\u00f3n que trascienda fronteras.<\/p>\n<h2>M\u00e1s informaci\u00f3n<\/h2>\n<p>Esta iniciativa ha sido difundida por distintos medios de comunicaci\u00f3n. Consulta las notas:<\/p>\n<ul>\n<li><a href=\"https:\/\/vidauniversitaria.uanl.mx\/campus-uanl\/avanza-uanl-creacion-de-red-global-de-egresados\/\" target=\"_blank\" rel=\"noopener\"><strong>Vida Universitaria UANL<\/strong><\/a><\/li>\n<li><a href=\"https:\/\/economia.uanl.mx\/wp-content\/uploads\/2026\/09\/NVID20260811-006.jpeg\" target=\"_blank\" rel=\"noopener\"><strong>El Norte<\/strong><\/a><\/li>\n<li><a href=\"https:\/\/mvsnoticias.com\/nuevo-leon\/2026\/8\/10\/uanl-impulsa-red-global-de-egresados-con-encuentros-en-madrid-y-londres-741407.html\" target=\"_blank\" rel=\"noopener\"><strong>MVS Noticias<\/strong><\/a><\/li>\n<li><a href=\"https:\/\/horacero.com.mx\/nuevo-leon\/avanza-uanl-creacion-de-red-global-de-egresados\" target=\"_blank\" rel=\"noopener\"><strong>Hora Cero<\/strong><\/a><\/li>\n<li><a href=\"https:\/\/www.elhorizonte.mx\/cultura\/avanza-creacion-de-red-de-egresados-de-la-uanl\/2609310078\" target=\"_blank\" rel=\"noopener\"><strong>El Horizonte<\/strong><\/a><\/li>\n<li><a href=\"https:\/\/abcnoticias.mx\/local\/2026\/8\/11\/uanl-consolida-su-red-global-de-egresados-en-europa-289878.html\" target=\"_blank\" rel=\"noopener\"><strong>ABC Noticias<\/strong><\/a><\/li>\n<\/ul>\n","protected":false},"excerpt":{"rendered":"<p>La Facultad de Econom\u00eda particip\u00f3 en los encuentros realizados en Madrid y Londres como parte de la estrategia de la UANL para fortalecer los v\u00ednculos con su comunidad de egresados alrededor del mundo. En representaci\u00f3n de la Facultad de Econom\u00eda, la Dra. Joana Chapa Cant\u00fa, directora de FAECO, y el Dr. Edgar Mauricio Luna Dom\u00ednguez, [&hellip;]<\/p>\n","protected":false},"author":179,"featured_media":47826,"template":"","tags":[],"class_list":["post-47822","noticias","type-noticias","status-publish","has-post-thumbnail","hentry"],"yoast_head":"<!-- This site is optimized with the Yoast SEO plugin v24.8.1 - https:\/\/yoast.com\/wordpress\/plugins\/seo\/ -->\n<title>FAECO presente en la Red Global de Egresados UANL - Facultad de Econom\u00eda UANL<\/title>\n<meta name=\"robots\" content=\"index, follow, max-snippet:-1, max-image-preview:large, max-video-preview:-1\" \/>\n<link rel=\"canonical\" href=\"https:\/\/economia.uanl.mx\/en\/noticias\/faecopresenteredglobalegresadosuanl\/\" \/>\n<meta property=\"og:locale\" content=\"en_US\" \/>\n<meta property=\"og:type\" content=\"article\" \/>\n<meta property=\"og:title\" content=\"FAECO presente en la Red Global de Egresados UANL - Facultad de Econom\u00eda UANL\" \/>\n<meta property=\"og:description\" content=\"La Facultad de Econom\u00eda particip\u00f3 en los encuentros realizados en Madrid y Londres como parte de la estrategia de la UANL para fortalecer los v\u00ednculos con su comunidad de egresados alrededor del mundo. En representaci\u00f3n de la Facultad de Econom\u00eda, la Dra. Joana Chapa Cant\u00fa, directora de FAECO, y el Dr. Edgar Mauricio Luna Dom\u00ednguez, [&hellip;]\" \/>\n<meta property=\"og:url\" content=\"https:\/\/economia.uanl.mx\/en\/noticias\/faecopresenteredglobalegresadosuanl\/\" \/>\n<meta property=\"og:site_name\" content=\"Facultad de Econom\u00eda UANL\" \/>\n<meta property=\"article:publisher\" content=\"https:\/\/www.facebook.com\/FAECO.UANL\/\" \/>\n<meta property=\"article:modified_time\" content=\"2026-09-02T18:56:33+00:00\" \/>\n<meta property=\"og:image\" content=\"https:\/\/economia.uanl.mx\/wp-content\/uploads\/2026\/09\/67889.jpeg\" \/>\n\t<meta property=\"og:image:width\" content=\"1280\" \/>\n\t<meta property=\"og:image:height\" content=\"853\" \/>\n\t<meta property=\"og:image:type\" content=\"image\/jpeg\" \/>\n<meta name=\"twitter:card\" content=\"summary_large_image\" \/>\n<meta name=\"twitter:site\" content=\"@economia_uanl\" \/>\n<meta name=\"twitter:label1\" content=\"Est. reading time\" \/>\n\t<meta name=\"twitter:data1\" content=\"2 minutes\" \/>\n<script type=\"application\/ld+json\" class=\"yoast-schema-graph\">{\"@context\":\"https:\/\/schema.org\",\"@graph\":[{\"@type\":\"WebPage\",\"@id\":\"https:\/\/economia.uanl.mx\/noticias\/faecopresenteredglobalegresadosuanl\/\",\"url\":\"https:\/\/economia.uanl.mx\/noticias\/faecopresenteredglobalegresadosuanl\/\",\"name\":\"FAECO presente en la Red Global de Egresados UANL - Facultad de Econom\u00eda UANL\",\"isPartOf\":{\"@id\":\"https:\/\/economia.uanl.mx\/#website\"},\"primaryImageOfPage\":{\"@id\":\"https:\/\/economia.uanl.mx\/noticias\/faecopresenteredglobalegresadosuanl\/#primaryimage\"},\"image\":{\"@id\":\"https:\/\/economia.uanl.mx\/noticias\/faecopresenteredglobalegresadosuanl\/#primaryimage\"},\"thumbnailUrl\":\"https:\/\/economia.uanl.mx\/wp-content\/uploads\/2026\/09\/67889.jpeg\",\"datePublished\":\"2026-08-13T18:39:07+00:00\",\"dateModified\":\"2026-09-02T18:56:33+00:00\",\"breadcrumb\":{\"@id\":\"https:\/\/economia.uanl.mx\/noticias\/faecopresenteredglobalegresadosuanl\/#breadcrumb\"},\"inLanguage\":\"en-US\",\"potentialAction\":[{\"@type\":\"ReadAction\",\"target\":[\"https:\/\/economia.uanl.mx\/noticias\/faecopresenteredglobalegresadosuanl\/\"]}]},{\"@type\":\"ImageObject\",\"inLanguage\":\"en-US\",\"@id\":\"https:\/\/economia.uanl.mx\/noticias\/faecopresenteredglobalegresadosuanl\/#primaryimage\",\"url\":\"https:\/\/economia.uanl.mx\/wp-content\/uploads\/2026\/09\/67889.jpeg\",\"contentUrl\":\"https:\/\/economia.uanl.mx\/wp-content\/uploads\/2026\/09\/67889.jpeg\",\"width\":1280,\"height\":853},{\"@type\":\"BreadcrumbList\",\"@id\":\"https:\/\/economia.uanl.mx\/noticias\/faecopresenteredglobalegresadosuanl\/#breadcrumb\",\"itemListElement\":[{\"@type\":\"ListItem\",\"position\":1,\"name\":\"Inicio\",\"item\":\"https:\/\/economia.uanl.mx\/\"},{\"@type\":\"ListItem\",\"position\":2,\"name\":\"Noticias\",\"item\":\"https:\/\/economia.uanl.mx\/noticias\/\"},{\"@type\":\"ListItem\",\"position\":3,\"name\":\"FAECO presente en la Red Global de Egresados UANL\"}]},{\"@type\":\"WebSite\",\"@id\":\"https:\/\/economia.uanl.mx\/#website\",\"url\":\"https:\/\/economia.uanl.mx\/\",\"name\":\"Facultad de Econom\u00eda UANL\",\"description\":\"UANL\",\"potentialAction\":[{\"@type\":\"SearchAction\",\"target\":{\"@type\":\"EntryPoint\",\"urlTemplate\":\"https:\/\/economia.uanl.mx\/?s={search_term_string}\"},\"query-input\":{\"@type\":\"PropertyValueSpecification\",\"valueRequired\":true,\"valueName\":\"search_term_string\"}}],\"inLanguage\":\"en-US\"}]}<\/script>\n<!-- \/ Yoast SEO plugin. -->","yoast_head_json":{"title":"FAECO presente en la Red Global de Egresados UANL - Facultad de Econom\u00eda UANL","robots":{"index":"index","follow":"follow","max-snippet":"max-snippet:-1","max-image-preview":"max-image-preview:large","max-video-preview":"max-video-preview:-1"},"canonical":"https:\/\/economia.uanl.mx\/en\/noticias\/faecopresenteredglobalegresadosuanl\/","og_locale":"en_US","og_type":"article","og_title":"FAECO presente en la Red Global de Egresados UANL - Facultad de Econom\u00eda UANL","og_description":"La Facultad de Econom\u00eda particip\u00f3 en los encuentros realizados en Madrid y Londres como parte de la estrategia de la UANL para fortalecer los v\u00ednculos con su comunidad de egresados alrededor del mundo. En representaci\u00f3n de la Facultad de Econom\u00eda, la Dra. Joana Chapa Cant\u00fa, directora de FAECO, y el Dr. Edgar Mauricio Luna Dom\u00ednguez, [&hellip;]","og_url":"https:\/\/economia.uanl.mx\/en\/noticias\/faecopresenteredglobalegresadosuanl\/","og_site_name":"Facultad de Econom\u00eda UANL","article_publisher":"https:\/\/www.facebook.com\/FAECO.UANL\/","article_modified_time":"2026-09-02T18:56:33+00:00","og_image":[{"width":1280,"height":853,"url":"https:\/\/economia.uanl.mx\/wp-content\/uploads\/2026\/09\/67889.jpeg","type":"image\/jpeg"}],"twitter_card":"summary_large_image","twitter_site":"@economia_uanl","twitter_misc":{"Est. reading time":"2 minutes"},"schema":{"@context":"https:\/\/schema.org","@graph":[{"@type":"WebPage","@id":"https:\/\/economia.uanl.mx\/noticias\/faecopresenteredglobalegresadosuanl\/","url":"https:\/\/economia.uanl.mx\/noticias\/faecopresenteredglobalegresadosuanl\/","name":"FAECO presente en la Red Global de Egresados UANL - Facultad de Econom\u00eda UANL","isPartOf":{"@id":"https:\/\/economia.uanl.mx\/#website"},"primaryImageOfPage":{"@id":"https:\/\/economia.uanl.mx\/noticias\/faecopresenteredglobalegresadosuanl\/#primaryimage"},"image":{"@id":"https:\/\/economia.uanl.mx\/noticias\/faecopresenteredglobalegresadosuanl\/#primaryimage"},"thumbnailUrl":"https:\/\/economia.uanl.mx\/wp-content\/uploads\/2026\/09\/67889.jpeg","datePublished":"2026-08-13T18:39:07+00:00","dateModified":"2026-09-02T18:56:33+00:00","breadcrumb":{"@id":"https:\/\/economia.uanl.mx\/noticias\/faecopresenteredglobalegresadosuanl\/#breadcrumb"},"inLanguage":"en-US","potentialAction":[{"@type":"ReadAction","target":["https:\/\/economia.uanl.mx\/noticias\/faecopresenteredglobalegresadosuanl\/"]}]},{"@type":"ImageObject","inLanguage":"en-US","@id":"https:\/\/economia.uanl.mx\/noticias\/faecopresenteredglobalegresadosuanl\/#primaryimage","url":"https:\/\/economia.uanl.mx\/wp-content\/uploads\/2026\/09\/67889.jpeg","contentUrl":"https:\/\/economia.uanl.mx\/wp-content\/uploads\/2026\/09\/67889.jpeg","width":1280,"height":853},{"@type":"BreadcrumbList","@id":"https:\/\/economia.uanl.mx\/noticias\/faecopresenteredglobalegresadosuanl\/#breadcrumb","itemListElement":[{"@type":"ListItem","position":1,"name":"Inicio","item":"https:\/\/economia.uanl.mx\/"},{"@type":"ListItem","position":2,"name":"Noticias","item":"https:\/\/economia.uanl.mx\/noticias\/"},{"@type":"ListItem","position":3,"name":"FAECO presente en la Red Global de Egresados UANL"}]},{"@type":"WebSite","@id":"https:\/\/economia.uanl.mx\/#website","url":"https:\/\/economia.uanl.mx\/","name":"Facultad de Econom\u00eda UANL","description":"UANL","potentialAction":[{"@type":"SearchAction","target":{"@type":"EntryPoint","urlTemplate":"https:\/\/economia.uanl.mx\/?s={search_term_string}"},"query-input":{"@type":"PropertyValueSpecification","valueRequired":true,"valueName":"search_term_string"}}],"inLanguage":"en-US"}]}},"_links":{"self":[{"href":"https:\/\/economia.uanl.mx\/en\/wp-json\/wp\/v2\/noticias\/47822","targetHints":{"allow":["GET"]}}],"collection":[{"href":"https:\/\/economia.uanl.mx\/en\/wp-json\/wp\/v2\/noticias"}],"about":[{"href":"https:\/\/economia.uanl.mx\/en\/wp-json\/wp\/v2\/types\/noticias"}],"author":[{"embeddable":true,"href":"https:\/\/economia.uanl.mx\/en\/wp-json\/wp\/v2\/users\/179"}],"wp:featuredmedia":[{"embeddable":true,"href":"https:\/\/economia.uanl.mx\/en\/wp-json\/wp\/v2\/media\/47826"}],"wp:attachment":[{"href":"https:\/\/economia.uanl.mx\/en\/wp-json\/wp\/v2\/media?parent=47822"}],"wp:term":[{"taxonomy":"post_tag","embeddable":true,"href":"https:\/\/economia.uanl.mx\/en\/wp-json\/wp\/v2\/tags?post=47822"}],"curies":[{"name":"wp","href":"https:\/\/api.w.org\/{rel}","templated":true}]}}